{"id":5134,"date":"2020-07-05T08:00:58","date_gmt":"2020-07-05T08:00:58","guid":{"rendered":"https:\/\/vsuj.ch\/revision-du-droit-de-la-societe-anonyme\/"},"modified":"2025-06-26T14:47:27","modified_gmt":"2025-06-26T14:47:27","slug":"revision-du-droit-de-la-societe-anonyme","status":"publish","type":"post","link":"https:\/\/vsuj.ch\/fr\/revision-du-droit-de-la-societe-anonyme\/","title":{"rendered":"R\u00e9vision du droit de la soci\u00e9t\u00e9 anonyme"},"content":{"rendered":"\t\t<div data-elementor-type=\"wp-post\" data-elementor-id=\"5134\" class=\"elementor elementor-5134 elementor-2489\" data-elementor-post-type=\"post\">\n\t\t\t\t<div class=\"elementor-element elementor-element-cbd1ca4 e-flex e-con-boxed e-con e-parent\" data-id=\"cbd1ca4\" data-element_type=\"container\" data-e-type=\"container\" data-settings=\"{&quot;background_background&quot;:&quot;classic&quot;,&quot;jet_parallax_layout_list&quot;:[]}\">\n\t\t\t\t\t<div class=\"e-con-inner\">\n\t\t<div class=\"elementor-element elementor-element-b581e2d e-con-full e-flex e-con e-child\" data-id=\"b581e2d\" data-element_type=\"container\" data-e-type=\"container\" data-settings=\"{&quot;background_background&quot;:&quot;classic&quot;,&quot;jet_parallax_layout_list&quot;:[]}\">\n\t\t\t\t<div class=\"elementor-element elementor-element-0f2474e elementor-widget elementor-widget-heading\" data-id=\"0f2474e\" data-element_type=\"widget\" data-e-type=\"widget\" data-widget_type=\"heading.default\">\n\t\t\t\t<div class=\"elementor-widget-container\">\n\t\t\t\t\t<h1 class=\"elementor-heading-title elementor-size-default\">R\u00e9vision du droit de la soci\u00e9t\u00e9 anonyme<\/h1>\t\t\t\t<\/div>\n\t\t\t\t<\/div>\n\t\t\t\t<\/div>\n\t\t\t\t\t<\/div>\n\t\t\t\t<\/div>\n\t\t<div class=\"elementor-element elementor-element-30f1419 e-flex e-con-boxed e-con e-parent\" data-id=\"30f1419\" data-element_type=\"container\" data-e-type=\"container\" data-settings=\"{&quot;background_background&quot;:&quot;classic&quot;,&quot;jet_parallax_layout_list&quot;:[]}\">\n\t\t\t\t\t<div class=\"e-con-inner\">\n\t\t<div class=\"elementor-element elementor-element-919d52f e-con-full e-flex e-con e-child\" data-id=\"919d52f\" data-element_type=\"container\" data-e-type=\"container\" data-settings=\"{&quot;background_background&quot;:&quot;classic&quot;,&quot;jet_parallax_layout_list&quot;:[]}\">\n\t\t\t\t<div class=\"elementor-element elementor-element-68ce59b elementor-widget elementor-widget-text-editor\" data-id=\"68ce59b\" data-element_type=\"widget\" data-e-type=\"widget\" data-widget_type=\"text-editor.default\">\n\t\t\t\t<div class=\"elementor-widget-container\">\n\t\t\t\t\t\t\t\t\t<p class=\"p1\">Le Conseil f\u00e9d\u00e9ral souhaite moderniser le droit de la soci\u00e9t\u00e9 anonyme. Il a adopt\u00e9, lors de sa s\u00e9ance du <strong>23 novembre 2016<\/strong>, le message \u00e0 l\u2019attention du Parlement. Cette <strong>r\u00e9vision <\/strong>poursuit principalement l\u2019objectif d\u2019int\u00e9grer dans la l\u00e9gislation f\u00e9d\u00e9rale l\u2019ordonnance contre les r\u00e9mun\u00e9rations abusives dans les soci\u00e9t\u00e9s anonymes cot\u00e9es (ORAb), entr\u00e9e en vigueur le 1er janvier 2014, et d\u2019am\u00e9liorer la gouvernance d\u2019entreprise (corporate governance), y compris pour les soci\u00e9t\u00e9s non cot\u00e9es. De plus, elle pr\u00e9voit une plus grande flexibilit\u00e9 des r\u00e8gles relatives \u00e0 la fondation des soci\u00e9t\u00e9s et aux dispositions sur le capital, ainsi qu\u2019une adaptation du droit de la soci\u00e9t\u00e9 anonyme au nouveau droit comptable. Le projet pr\u00e9liminaire incluait \u00e9galement une proposition de r\u00e8glementation sur la transparence pour les entreprises importantes dans le domaine de l\u2019extraction de mati\u00e8res premi\u00e8res. Enfin, des valeurs de r\u00e9f\u00e9rence pour une repr\u00e9sentation \u00e9quilibr\u00e9e des sexes dans les organes dirigeants des grandes soci\u00e9t\u00e9s cot\u00e9es doivent promouvoir l\u2019\u00e9galit\u00e9 entre femmes et hommes.     <\/p>\t\t\t\t\t\t\t\t<\/div>\n\t\t\t\t<\/div>\n\t\t\t\t<\/div>\n\t\t\t\t\t<\/div>\n\t\t\t\t<\/div>\n\t\t<div class=\"elementor-element elementor-element-dff23dd e-flex e-con-boxed e-con e-parent\" data-id=\"dff23dd\" data-element_type=\"container\" data-e-type=\"container\" data-settings=\"{&quot;background_background&quot;:&quot;classic&quot;,&quot;background_motion_fx_motion_fx_scrolling&quot;:&quot;yes&quot;,&quot;background_motion_fx_translateY_effect&quot;:&quot;yes&quot;,&quot;background_motion_fx_translateY_speed&quot;:{&quot;unit&quot;:&quot;px&quot;,&quot;size&quot;:1.8,&quot;sizes&quot;:[]},&quot;jet_parallax_layout_list&quot;:[],&quot;background_motion_fx_translateY_affectedRange&quot;:{&quot;unit&quot;:&quot;%&quot;,&quot;size&quot;:&quot;&quot;,&quot;sizes&quot;:{&quot;start&quot;:0,&quot;end&quot;:100}},&quot;background_motion_fx_devices&quot;:[&quot;widescreen&quot;,&quot;desktop&quot;,&quot;laptop&quot;,&quot;tablet&quot;,&quot;mobile&quot;]}\">\n\t\t\t\t\t<div class=\"e-con-inner\">\n\t\t<div class=\"elementor-element elementor-element-dbcf8b4 e-con-full e-flex e-con e-child\" data-id=\"dbcf8b4\" data-element_type=\"container\" data-e-type=\"container\" data-settings=\"{&quot;jet_parallax_layout_list&quot;:[]}\">\n\t\t<div class=\"elementor-element elementor-element-ea6a3dd e-con-full e-flex e-con e-child\" data-id=\"ea6a3dd\" data-element_type=\"container\" data-e-type=\"container\" data-settings=\"{&quot;jet_parallax_layout_list&quot;:[],&quot;sticky&quot;:&quot;top&quot;,&quot;sticky_offset&quot;:130,&quot;sticky_parent&quot;:&quot;yes&quot;,&quot;sticky_on&quot;:[&quot;widescreen&quot;,&quot;desktop&quot;,&quot;laptop&quot;,&quot;tablet&quot;,&quot;mobile&quot;],&quot;sticky_effects_offset&quot;:0,&quot;sticky_anchor_link_offset&quot;:0}\">\n\t\t\t\t<div class=\"elementor-element elementor-element-64b33dd elementor-widget__width-initial elementor-widget-tablet__width-inherit elementor-widget elementor-widget-text-editor\" data-id=\"64b33dd\" data-element_type=\"widget\" data-e-type=\"widget\" data-widget_type=\"text-editor.default\">\n\t\t\t\t<div class=\"elementor-widget-container\">\n\t\t\t\t\t\t\t\t\t<p class=\"p1\">Le Conseil f\u00e9d\u00e9ral souhaite moderniser le droit de la soci\u00e9t\u00e9 anonyme. Il a adopt\u00e9, lors de sa s\u00e9ance du <strong>23 novembre 2016<\/strong>, le message \u00e0 l\u2019attention du Parlement. Cette<strong> r\u00e9vision<\/strong> poursuit principalement l\u2019objectif d\u2019int\u00e9grer dans la l\u00e9gislation f\u00e9d\u00e9rale l\u2019ordonnance contre les r\u00e9mun\u00e9rations abusives dans les soci\u00e9t\u00e9s anonymes cot\u00e9es (ORAb), entr\u00e9e en vigueur le 1er janvier 2014, et d\u2019am\u00e9liorer la gouvernance d\u2019entreprise (corporate governance), y compris pour les soci\u00e9t\u00e9s non cot\u00e9es. De plus, elle pr\u00e9voit une plus grande flexibilit\u00e9 des r\u00e8gles relatives \u00e0 la fondation des soci\u00e9t\u00e9s et aux dispositions sur le capital, ainsi qu\u2019une adaptation du droit de la soci\u00e9t\u00e9 anonyme au nouveau droit comptable. Le projet pr\u00e9liminaire incluait \u00e9galement une proposition de r\u00e8glementation sur la transparence pour les entreprises importantes dans le domaine de l\u2019extraction de mati\u00e8res premi\u00e8res. Enfin, des valeurs de r\u00e9f\u00e9rence pour une repr\u00e9sentation \u00e9quilibr\u00e9e des sexes dans les organes dirigeants des grandes soci\u00e9t\u00e9s cot\u00e9es doivent promouvoir l\u2019\u00e9galit\u00e9 entre femmes et hommes.     <\/p><p class=\"p1\">La r\u00e9vision du droit de la soci\u00e9t\u00e9 anonyme a \u00e9t\u00e9 examin\u00e9e par les deux Chambres et adopt\u00e9e le 19 juillet 2020. Les points forts de cette r\u00e9forme sont notamment les suivants : <\/p>\t\t\t\t\t\t\t\t<\/div>\n\t\t\t\t<\/div>\n\t\t\t\t<\/div>\n\t\t\t\t<\/div>\n\t\t<div class=\"elementor-element elementor-element-baa81b7 e-con-full e-flex e-con e-child\" data-id=\"baa81b7\" data-element_type=\"container\" data-e-type=\"container\" data-settings=\"{&quot;jet_parallax_layout_list&quot;:[]}\">\n\t\t\t\t<div class=\"elementor-element elementor-element-61755e0 elementor-widget elementor-widget-n-accordion\" data-id=\"61755e0\" data-element_type=\"widget\" data-e-type=\"widget\" data-settings=\"{&quot;default_state&quot;:&quot;expanded&quot;,&quot;max_items_expended&quot;:&quot;one&quot;,&quot;n_accordion_animation_duration&quot;:{&quot;unit&quot;:&quot;ms&quot;,&quot;size&quot;:400,&quot;sizes&quot;:[]}}\" data-widget_type=\"nested-accordion.default\">\n\t\t\t\t<div class=\"elementor-widget-container\">\n\t\t\t\t\t\t\t<div class=\"e-n-accordion\" aria-label=\"Accordion. Open links with Enter or Space, close with Escape, and navigate with Arrow Keys\">\n\t\t\t\t\t\t<details id=\"e-n-accordion-item-1020\" class=\"e-n-accordion-item\" open>\n\t\t\t\t<summary class=\"e-n-accordion-item-title\" data-accordion-index=\"1\" tabindex=\"0\" aria-expanded=\"true\" aria-controls=\"e-n-accordion-item-1020\" >\n\t\t\t\t\t<span class='e-n-accordion-item-title-header'><div class=\"e-n-accordion-item-title-text\"> Int\u00e9gration de l\u2019ORAb dans le droit de la soci\u00e9t\u00e9 anonyme <\/div><\/span>\n\t\t\t\t\t\t\t<span class='e-n-accordion-item-title-icon'>\n\t\t\t<span class='e-opened' ><i aria-hidden=\"true\" class=\"fas fa-minus\"><\/i><\/span>\n\t\t\t<span class='e-closed'><i aria-hidden=\"true\" class=\"fas fa-plus\"><\/i><\/span>\n\t\t<\/span>\n\n\t\t\t\t\t\t<\/summary>\n\t\t\t\t<div role=\"region\" aria-labelledby=\"e-n-accordion-item-1020\" class=\"elementor-element elementor-element-e1fd5fc e-con-full e-flex e-con e-child\" data-id=\"e1fd5fc\" data-element_type=\"container\" data-e-type=\"container\" data-settings=\"{&quot;jet_parallax_layout_list&quot;:[]}\">\n\t\t\t\t<div class=\"elementor-element elementor-element-24b6b0b elementor-widget elementor-widget-text-editor\" data-id=\"24b6b0b\" data-element_type=\"widget\" data-e-type=\"widget\" data-widget_type=\"text-editor.default\">\n\t\t\t\t<div class=\"elementor-widget-container\">\n\t\t\t\t\t\t\t\t\t<p>Les primes d\u2019engagement (sign-on bonuses) sont d\u00e9sormais autoris\u00e9es si elles compensent la perte de droits chez l\u2019ancien employeur. De m\u00eame, les indemnit\u00e9s vers\u00e9es en raison d\u2019une clause de non-concurrence sont admissibles jusqu\u2019\u00e0 concurrence de la moyenne des r\u00e9mun\u00e9rations des trois derniers exercices de la personne concern\u00e9e. Les approbations prospectives de r\u00e9mun\u00e9rations variables restent possibles, mais un vote consultatif sur le rapport de r\u00e9mun\u00e9ration doit \u00eatre organis\u00e9 l\u2019ann\u00e9e suivante.<\/p>\t\t\t\t\t\t\t\t<\/div>\n\t\t\t\t<\/div>\n\t\t\t\t<\/div>\n\t\t\t\t\t<\/details>\n\t\t\t\t\t\t<details id=\"e-n-accordion-item-1021\" class=\"e-n-accordion-item\" >\n\t\t\t\t<summary class=\"e-n-accordion-item-title\" data-accordion-index=\"2\" tabindex=\"-1\" aria-expanded=\"false\" aria-controls=\"e-n-accordion-item-1021\" >\n\t\t\t\t\t<span class='e-n-accordion-item-title-header'><div class=\"e-n-accordion-item-title-text\"> Flexibilit\u00e9 de la structure du capital <\/div><\/span>\n\t\t\t\t\t\t\t<span class='e-n-accordion-item-title-icon'>\n\t\t\t<span class='e-opened' ><i aria-hidden=\"true\" class=\"fas fa-minus\"><\/i><\/span>\n\t\t\t<span class='e-closed'><i aria-hidden=\"true\" class=\"fas fa-plus\"><\/i><\/span>\n\t\t<\/span>\n\n\t\t\t\t\t\t<\/summary>\n\t\t\t\t<div role=\"region\" aria-labelledby=\"e-n-accordion-item-1021\" class=\"elementor-element elementor-element-4d7e1b9 e-con-full e-flex e-con e-child\" data-id=\"4d7e1b9\" data-element_type=\"container\" data-e-type=\"container\" data-settings=\"{&quot;jet_parallax_layout_list&quot;:[]}\">\n\t\t\t\t<div class=\"elementor-element elementor-element-bbf4e8b elementor-widget elementor-widget-text-editor\" data-id=\"bbf4e8b\" data-element_type=\"widget\" data-e-type=\"widget\" data-widget_type=\"text-editor.default\">\n\t\t\t\t<div class=\"elementor-widget-container\">\n\t\t\t\t\t\t\t\t\t<p>La valeur nominale des actions peut \u00eatre inf\u00e9rieure \u00e0 un centime. Il est \u00e9galement possible de tenir le capital-actions en devise \u00e9trang\u00e8re. L\u2019augmentation autoris\u00e9e du capital est remplac\u00e9e par une marge de variation de \u00b150 % du capital-actions inscrit, permettant au conseil d\u2019administration de modifier le capital dans ce cadre pendant une p\u00e9riode de cinq ans. <\/p>\t\t\t\t\t\t\t\t<\/div>\n\t\t\t\t<\/div>\n\t\t\t\t<\/div>\n\t\t\t\t\t<\/details>\n\t\t\t\t\t\t<details id=\"e-n-accordion-item-1022\" class=\"e-n-accordion-item\" >\n\t\t\t\t<summary class=\"e-n-accordion-item-title\" data-accordion-index=\"3\" tabindex=\"-1\" aria-expanded=\"false\" aria-controls=\"e-n-accordion-item-1022\" >\n\t\t\t\t\t<span class='e-n-accordion-item-title-header'><div class=\"e-n-accordion-item-title-text\"> Autorisation des dividendes interm\u00e9diaires <\/div><\/span>\n\t\t\t\t\t\t\t<span class='e-n-accordion-item-title-icon'>\n\t\t\t<span class='e-opened' ><i aria-hidden=\"true\" class=\"fas fa-minus\"><\/i><\/span>\n\t\t\t<span class='e-closed'><i aria-hidden=\"true\" class=\"fas fa-plus\"><\/i><\/span>\n\t\t<\/span>\n\n\t\t\t\t\t\t<\/summary>\n\t\t\t\t<div role=\"region\" aria-labelledby=\"e-n-accordion-item-1022\" class=\"elementor-element elementor-element-5965c9e e-con-full e-flex e-con e-child\" data-id=\"5965c9e\" data-element_type=\"container\" data-e-type=\"container\" data-settings=\"{&quot;jet_parallax_layout_list&quot;:[]}\">\n\t\t\t\t<\/div>\n\t\t\t\t\t<\/details>\n\t\t\t\t\t\t<details id=\"e-n-accordion-item-1023\" class=\"e-n-accordion-item\" >\n\t\t\t\t<summary class=\"e-n-accordion-item-title\" data-accordion-index=\"4\" tabindex=\"-1\" aria-expanded=\"false\" aria-controls=\"e-n-accordion-item-1023\" >\n\t\t\t\t\t<span class='e-n-accordion-item-title-header'><div class=\"e-n-accordion-item-title-text\"> Renforcement des droits des actionnaires minoritaires <\/div><\/span>\n\t\t\t\t\t\t\t<span class='e-n-accordion-item-title-icon'>\n\t\t\t<span class='e-opened' ><i aria-hidden=\"true\" class=\"fas fa-minus\"><\/i><\/span>\n\t\t\t<span class='e-closed'><i aria-hidden=\"true\" class=\"fas fa-plus\"><\/i><\/span>\n\t\t<\/span>\n\n\t\t\t\t\t\t<\/summary>\n\t\t\t\t<div role=\"region\" aria-labelledby=\"e-n-accordion-item-1023\" class=\"elementor-element elementor-element-3b42982 e-con-full e-flex e-con e-child\" data-id=\"3b42982\" data-element_type=\"container\" data-e-type=\"container\" data-settings=\"{&quot;jet_parallax_layout_list&quot;:[]}\">\n\t\t\t\t<div class=\"elementor-element elementor-element-1d2c697 elementor-widget elementor-widget-text-editor\" data-id=\"1d2c697\" data-element_type=\"widget\" data-e-type=\"widget\" data-widget_type=\"text-editor.default\">\n\t\t\t\t<div class=\"elementor-widget-container\">\n\t\t\t\t\t\t\t\t\t<p>Par exemple, le seuil pour requ\u00e9rir une assembl\u00e9e g\u00e9n\u00e9rale extraordinaire passe de 10 % \u00e0 5 % du capital ou des droits de vote. Pour les soci\u00e9t\u00e9s cot\u00e9es, le droit d\u2019inscription \u00e0 l\u2019ordre du jour est accord\u00e9 d\u00e8s 0,5 %, et d\u00e8s 5 % pour les soci\u00e9t\u00e9s priv\u00e9es (au lieu de 10 % ou 1 million CHF de valeur nominale auparavant). Une majorit\u00e9 qualifi\u00e9e est introduite pour la radiation de la cote (deux tiers des voix et la moiti\u00e9 du capital repr\u00e9sent\u00e9 lors de l\u2019AG).<\/p>\t\t\t\t\t\t\t\t<\/div>\n\t\t\t\t<\/div>\n\t\t\t\t<\/div>\n\t\t\t\t\t<\/details>\n\t\t\t\t\t\t<details id=\"e-n-accordion-item-1024\" class=\"e-n-accordion-item\" >\n\t\t\t\t<summary class=\"e-n-accordion-item-title\" data-accordion-index=\"5\" tabindex=\"-1\" aria-expanded=\"false\" aria-controls=\"e-n-accordion-item-1024\" >\n\t\t\t\t\t<span class='e-n-accordion-item-title-header'><div class=\"e-n-accordion-item-title-text\"> Modernisation des r\u00e8gles de l\u2019assembl\u00e9e g\u00e9n\u00e9rale (AG) <\/div><\/span>\n\t\t\t\t\t\t\t<span class='e-n-accordion-item-title-icon'>\n\t\t\t<span class='e-opened' ><i aria-hidden=\"true\" class=\"fas fa-minus\"><\/i><\/span>\n\t\t\t<span class='e-closed'><i aria-hidden=\"true\" class=\"fas fa-plus\"><\/i><\/span>\n\t\t<\/span>\n\n\t\t\t\t\t\t<\/summary>\n\t\t\t\t<div role=\"region\" aria-labelledby=\"e-n-accordion-item-1024\" class=\"elementor-element elementor-element-c987350 e-con-full e-flex e-con e-child\" data-id=\"c987350\" data-element_type=\"container\" data-e-type=\"container\" data-settings=\"{&quot;jet_parallax_layout_list&quot;:[]}\">\n\t\t\t\t<div class=\"elementor-element elementor-element-454deca elementor-widget elementor-widget-text-editor\" data-id=\"454deca\" data-element_type=\"widget\" data-e-type=\"widget\" data-widget_type=\"text-editor.default\">\n\t\t\t\t<div class=\"elementor-widget-container\">\n\t\t\t\t\t\t\t\t\t<p>L\u2019utilisation des technologies num\u00e9riques est d\u00e9sormais possible. Avec une base statutaire ad\u00e9quate, les AG peuvent se tenir \u00e0 l\u2019\u00e9tranger.<\/p>\t\t\t\t\t\t\t\t<\/div>\n\t\t\t\t<\/div>\n\t\t\t\t<\/div>\n\t\t\t\t\t<\/details>\n\t\t\t\t\t\t<details id=\"e-n-accordion-item-1025\" class=\"e-n-accordion-item\" >\n\t\t\t\t<summary class=\"e-n-accordion-item-title\" data-accordion-index=\"6\" tabindex=\"-1\" aria-expanded=\"false\" aria-controls=\"e-n-accordion-item-1025\" >\n\t\t\t\t\t<span class='e-n-accordion-item-title-header'><div class=\"e-n-accordion-item-title-text\"> Confidentialit\u00e9 des instructions au repr\u00e9sentant ind\u00e9pendant <\/div><\/span>\n\t\t\t\t\t\t\t<span class='e-n-accordion-item-title-icon'>\n\t\t\t<span class='e-opened' ><i aria-hidden=\"true\" class=\"fas fa-minus\"><\/i><\/span>\n\t\t\t<span class='e-closed'><i aria-hidden=\"true\" class=\"fas fa-plus\"><\/i><\/span>\n\t\t<\/span>\n\n\t\t\t\t\t\t<\/summary>\n\t\t\t\t<div role=\"region\" aria-labelledby=\"e-n-accordion-item-1025\" class=\"elementor-element elementor-element-2f9c5d9 e-con-full e-flex e-con e-child\" data-id=\"2f9c5d9\" data-element_type=\"container\" data-e-type=\"container\" data-settings=\"{&quot;jet_parallax_layout_list&quot;:[]}\">\n\t\t\t\t<div class=\"elementor-element elementor-element-9bc5cfe elementor-widget elementor-widget-text-editor\" data-id=\"9bc5cfe\" data-element_type=\"widget\" data-e-type=\"widget\" data-widget_type=\"text-editor.default\">\n\t\t\t\t<div class=\"elementor-widget-container\">\n\t\t\t\t\t\t\t\t\t<p>Ce dernier ne peut informer le conseil d\u2019administration des instructions re\u00e7ues que trois jours ouvrables au plus t\u00f4t avant l\u2019AG.<\/p>\t\t\t\t\t\t\t\t<\/div>\n\t\t\t\t<\/div>\n\t\t\t\t<\/div>\n\t\t\t\t\t<\/details>\n\t\t\t\t\t\t<details id=\"e-n-accordion-item-1026\" class=\"e-n-accordion-item\" >\n\t\t\t\t<summary class=\"e-n-accordion-item-title\" data-accordion-index=\"7\" tabindex=\"-1\" aria-expanded=\"false\" aria-controls=\"e-n-accordion-item-1026\" >\n\t\t\t\t\t<span class='e-n-accordion-item-title-header'><div class=\"e-n-accordion-item-title-text\"> R\u00e9forme du droit de l\u2019assainissement <\/div><\/span>\n\t\t\t\t\t\t\t<span class='e-n-accordion-item-title-icon'>\n\t\t\t<span class='e-opened' ><i aria-hidden=\"true\" class=\"fas fa-minus\"><\/i><\/span>\n\t\t\t<span class='e-closed'><i aria-hidden=\"true\" class=\"fas fa-plus\"><\/i><\/span>\n\t\t<\/span>\n\n\t\t\t\t\t\t<\/summary>\n\t\t\t\t<div role=\"region\" aria-labelledby=\"e-n-accordion-item-1026\" class=\"elementor-element elementor-element-59c5b2c e-con-full e-flex e-con e-child\" data-id=\"59c5b2c\" data-element_type=\"container\" data-e-type=\"container\" data-settings=\"{&quot;jet_parallax_layout_list&quot;:[]}\">\n\t\t\t\t<div class=\"elementor-element elementor-element-c00d235 elementor-widget elementor-widget-text-editor\" data-id=\"c00d235\" data-element_type=\"widget\" data-e-type=\"widget\" data-widget_type=\"text-editor.default\">\n\t\t\t\t<div class=\"elementor-widget-container\">\n\t\t\t\t\t\t\t\t\t<p>Le conseil d\u2019administration aura l\u2019obligation de surveiller la liquidit\u00e9 de l\u2019entreprise.<\/p>\t\t\t\t\t\t\t\t<\/div>\n\t\t\t\t<\/div>\n\t\t\t\t<\/div>\n\t\t\t\t\t<\/details>\n\t\t\t\t\t\t<details id=\"e-n-accordion-item-1027\" class=\"e-n-accordion-item\" >\n\t\t\t\t<summary class=\"e-n-accordion-item-title\" data-accordion-index=\"8\" tabindex=\"-1\" aria-expanded=\"false\" aria-controls=\"e-n-accordion-item-1027\" >\n\t\t\t\t\t<span class='e-n-accordion-item-title-header'><div class=\"e-n-accordion-item-title-text\"> Valeurs de r\u00e9f\u00e9rence en mati\u00e8re de genre  <\/div><\/span>\n\t\t\t\t\t\t\t<span class='e-n-accordion-item-title-icon'>\n\t\t\t<span class='e-opened' ><i aria-hidden=\"true\" class=\"fas fa-minus\"><\/i><\/span>\n\t\t\t<span class='e-closed'><i aria-hidden=\"true\" class=\"fas fa-plus\"><\/i><\/span>\n\t\t<\/span>\n\n\t\t\t\t\t\t<\/summary>\n\t\t\t\t<div role=\"region\" aria-labelledby=\"e-n-accordion-item-1027\" class=\"elementor-element elementor-element-2e5e309 e-con-full e-flex e-con e-child\" data-id=\"2e5e309\" data-element_type=\"container\" data-e-type=\"container\" data-settings=\"{&quot;jet_parallax_layout_list&quot;:[]}\">\n\t\t\t\t<div class=\"elementor-element elementor-element-4b27d54 elementor-widget elementor-widget-text-editor\" data-id=\"4b27d54\" data-element_type=\"widget\" data-e-type=\"widget\" data-widget_type=\"text-editor.default\">\n\t\t\t\t<div class=\"elementor-widget-container\">\n\t\t\t\t\t\t\t\t\t<p>Les grandes soci\u00e9t\u00e9s cot\u00e9es doivent viser une repr\u00e9sentation d\u2019au moins 30 % de femmes au sein du conseil d\u2019administration et de 20 % dans la direction. Si ces objectifs ne sont pas atteints, l\u2019entreprise doit expliquer les raisons et pr\u00e9senter des mesures correctives dans le rapport de r\u00e9mun\u00e9ration.<\/p>\t\t\t\t\t\t\t\t<\/div>\n\t\t\t\t<\/div>\n\t\t\t\t<\/div>\n\t\t\t\t\t<\/details>\n\t\t\t\t\t\t<details id=\"e-n-accordion-item-1028\" class=\"e-n-accordion-item\" >\n\t\t\t\t<summary class=\"e-n-accordion-item-title\" data-accordion-index=\"9\" tabindex=\"-1\" aria-expanded=\"false\" aria-controls=\"e-n-accordion-item-1028\" >\n\t\t\t\t\t<span class='e-n-accordion-item-title-header'><div class=\"e-n-accordion-item-title-text\"> Transparence des paiements des entreprises extractives aux autorit\u00e9s publiques <\/div><\/span>\n\t\t\t\t\t\t\t<span class='e-n-accordion-item-title-icon'>\n\t\t\t<span class='e-opened' ><i aria-hidden=\"true\" class=\"fas fa-minus\"><\/i><\/span>\n\t\t\t<span class='e-closed'><i aria-hidden=\"true\" class=\"fas fa-plus\"><\/i><\/span>\n\t\t<\/span>\n\n\t\t\t\t\t\t<\/summary>\n\t\t\t\t<div role=\"region\" aria-labelledby=\"e-n-accordion-item-1028\" class=\"elementor-element elementor-element-b1efb9d e-con-full e-flex e-con e-child\" data-id=\"b1efb9d\" data-element_type=\"container\" data-e-type=\"container\" data-settings=\"{&quot;jet_parallax_layout_list&quot;:[]}\">\n\t\t\t\t<\/div>\n\t\t\t\t\t<\/details>\n\t\t\t\t\t<\/div>\n\t\t\t\t\t\t<\/div>\n\t\t\t\t<\/div>\n\t\t\t\t<\/div>\n\t\t\t\t\t<\/div>\n\t\t\t\t<\/div>\n\t\t<div class=\"elementor-element elementor-element-55a7486 e-flex e-con-boxed e-con e-parent\" data-id=\"55a7486\" data-element_type=\"container\" data-e-type=\"container\" data-settings=\"{&quot;background_background&quot;:&quot;gradient&quot;,&quot;jet_parallax_layout_list&quot;:[]}\">\n\t\t\t\t\t<div class=\"e-con-inner\">\n\t\t<div class=\"elementor-element elementor-element-d01b16d e-con-full e-flex e-con e-child\" data-id=\"d01b16d\" data-element_type=\"container\" data-e-type=\"container\" data-settings=\"{&quot;jet_parallax_layout_list&quot;:[]}\">\n\t\t\t\t<div class=\"elementor-element elementor-element-78ca311 elementor-widget elementor-widget-text-editor\" data-id=\"78ca311\" data-element_type=\"widget\" data-e-type=\"widget\" data-widget_type=\"text-editor.default\">\n\t\t\t\t<div class=\"elementor-widget-container\">\n\t\t\t\t\t\t\t\t\t<p class=\"p1\">La possibilit\u00e9 d\u2019introduire des actions de fid\u00e9lit\u00e9 a \u00e9chou\u00e9 en proc\u00e9dure d\u2019\u00e9limination des divergences. De m\u00eame, les dividendes suppl\u00e9mentaires pour les actionnaires votants \u00e0 l\u2019AG n\u2019ont pas \u00e9t\u00e9 retenus dans la r\u00e9forme. <\/p><p class=\"p1\">La date d\u2019entr\u00e9e en vigueur de la r\u00e9vision du droit de la soci\u00e9t\u00e9 anonyme n\u2019a pas encore \u00e9t\u00e9 fix\u00e9e. Il est g\u00e9n\u00e9ralement admis que la r\u00e9forme n\u2019entrera pas en vigueur avant le second semestre 2021. <\/p>\t\t\t\t\t\t\t\t<\/div>\n\t\t\t\t<\/div>\n\t\t\t\t<\/div>\n\t\t<div class=\"elementor-element elementor-element-51c12e4 e-con-full e-flex e-con e-child\" data-id=\"51c12e4\" data-element_type=\"container\" data-e-type=\"container\" data-settings=\"{&quot;jet_parallax_layout_list&quot;:[]}\">\n\t\t\t\t<div class=\"elementor-element elementor-element-65871a2 elementor-widget elementor-widget-text-editor\" data-id=\"65871a2\" data-element_type=\"widget\" data-e-type=\"widget\" data-widget_type=\"text-editor.default\">\n\t\t\t\t<div class=\"elementor-widget-container\">\n\t\t\t\t\t\t\t\t\t<p class=\"p1\">Informations compl\u00e9mentaires:<\/p>\t\t\t\t\t\t\t\t<\/div>\n\t\t\t\t<\/div>\n\t\t\t\t<div class=\"elementor-element elementor-element-e533292 elementor-icon-list--layout-traditional elementor-list-item-link-full_width elementor-widget elementor-widget-icon-list\" data-id=\"e533292\" data-element_type=\"widget\" data-e-type=\"widget\" data-widget_type=\"icon-list.default\">\n\t\t\t\t<div class=\"elementor-widget-container\">\n\t\t\t\t\t\t\t<ul class=\"elementor-icon-list-items\">\n\t\t\t\t\t\t\t<li class=\"elementor-icon-list-item\">\n\t\t\t\t\t\t\t\t\t\t\t<a href=\"https:\/\/www.fedlex.admin.ch\/eli\/fga\/2017\/112\/de\" target=\"_blank\">\n\n\t\t\t\t\t\t\t\t\t\t\t\t<span class=\"elementor-icon-list-icon\">\n\t\t\t\t\t\t\t<svg xmlns=\"http:\/\/www.w3.org\/2000\/svg\" id=\"uuid-d1dcc25b-1500-4e29-8651-a7c8007ef900\" viewBox=\"0 0 46.96 22.5\"><defs><style>.uuid-1ba1aa9e-1fa9-47ba-a637-1c0c06abeb0b{fill:#005195;isolation:isolate;}<\/style><\/defs><g id=\"uuid-331e5ea6-8a02-4d1e-a643-5bad2f51888d\"><polygon class=\"uuid-1ba1aa9e-1fa9-47ba-a637-1c0c06abeb0b\" points=\"0 22.5 18.25 22.5 18.25 16.48 6.04 16.48 6.04 6.02 18.25 6.02 18.25 0 0 0 0 22.5\"><\/polygon><polygon class=\"uuid-1ba1aa9e-1fa9-47ba-a637-1c0c06abeb0b\" points=\"28.71 0 28.71 6.02 40.93 6.02 40.93 16.48 28.71 16.48 28.71 22.5 46.96 22.5 46.96 0 28.71 0\"><\/polygon><\/g><\/svg>\t\t\t\t\t\t<\/span>\n\t\t\t\t\t\t\t\t\t\t<span class=\"elementor-icon-list-text\">Message concernant la modification du Code des obligations<\/span>\n\t\t\t\t\t\t\t\t\t\t\t<\/a>\n\t\t\t\t\t\t\t\t\t<\/li>\n\t\t\t\t\t\t\t\t<li class=\"elementor-icon-list-item\">\n\t\t\t\t\t\t\t\t\t\t\t<a href=\"https:\/\/www.parlament.ch\/DE\/ratsbetrieb\/suche-curia-vista\/geschaeft?AffairId=20160077\" target=\"_blank\">\n\n\t\t\t\t\t\t\t\t\t\t\t\t<span class=\"elementor-icon-list-icon\">\n\t\t\t\t\t\t\t<svg xmlns=\"http:\/\/www.w3.org\/2000\/svg\" id=\"uuid-d1dcc25b-1500-4e29-8651-a7c8007ef900\" viewBox=\"0 0 46.96 22.5\"><defs><style>.uuid-1ba1aa9e-1fa9-47ba-a637-1c0c06abeb0b{fill:#005195;isolation:isolate;}<\/style><\/defs><g id=\"uuid-331e5ea6-8a02-4d1e-a643-5bad2f51888d\"><polygon class=\"uuid-1ba1aa9e-1fa9-47ba-a637-1c0c06abeb0b\" points=\"0 22.5 18.25 22.5 18.25 16.48 6.04 16.48 6.04 6.02 18.25 6.02 18.25 0 0 0 0 22.5\"><\/polygon><polygon class=\"uuid-1ba1aa9e-1fa9-47ba-a637-1c0c06abeb0b\" points=\"28.71 0 28.71 6.02 40.93 6.02 40.93 16.48 28.71 16.48 28.71 22.5 46.96 22.5 46.96 0 28.71 0\"><\/polygon><\/g><\/svg>\t\t\t\t\t\t<\/span>\n\t\t\t\t\t\t\t\t\t\t<span class=\"elementor-icon-list-text\">Vue d\u2019ensemble de l\u2019affaire au Parlement<\/span>\n\t\t\t\t\t\t\t\t\t\t\t<\/a>\n\t\t\t\t\t\t\t\t\t<\/li>\n\t\t\t\t\t\t<\/ul>\n\t\t\t\t\t\t<\/div>\n\t\t\t\t<\/div>\n\t\t\t\t<\/div>\n\t\t\t\t\t<\/div>\n\t\t\t\t<\/div>\n\t\t\t\t<\/div>\n\t\t","protected":false},"excerpt":{"rendered":"<p>Le Conseil f\u00e9d\u00e9ral souhaite moderniser le droit de la soci\u00e9t\u00e9 anonyme. Il a adopt\u00e9, lors de sa s\u00e9ance du 23 novembre 2016, le message \u00e0 l\u2019attention du Parlement. <\/p>\n","protected":false},"author":8,"featured_media":0,"comment_status":"closed","ping_status":"closed","sticky":false,"template":"","format":"standard","meta":{"footnotes":""},"categories":[84],"tags":[],"class_list":["post-5134","post","type-post","status-publish","format-standard","hentry","category-themes"],"yoast_head":"<!-- This site is optimized with the Yoast SEO plugin v27.3 - https:\/\/yoast.com\/product\/yoast-seo-wordpress\/ -->\n<title>R\u00e9vision du droit de la soci\u00e9t\u00e9 anonyme - Vereinigung Schweizerischer Unternehmensjuristinnen und Unternehmensjuristen (VSUJ)<\/title>\n<meta name=\"description\" content=\"Le Conseil f\u00e9d\u00e9ral modernise le droit des soci\u00e9t\u00e9s anonymes : plus de flexibilit\u00e9, une meilleure gouvernance d&#039;entreprise et l&#039;\u00e9galit\u00e9 au centre des pr\u00e9occupations.\" \/>\n<meta name=\"robots\" content=\"index, follow, max-snippet:-1, max-image-preview:large, max-video-preview:-1\" \/>\n<link rel=\"canonical\" href=\"https:\/\/vsuj.ch\/fr\/revision-du-droit-de-la-societe-anonyme\/\" \/>\n<meta property=\"og:locale\" content=\"fr_FR\" \/>\n<meta property=\"og:type\" content=\"article\" \/>\n<meta property=\"og:title\" content=\"R\u00e9vision du droit de la soci\u00e9t\u00e9 anonyme - Vereinigung Schweizerischer Unternehmensjuristinnen und Unternehmensjuristen (VSUJ)\" \/>\n<meta property=\"og:description\" content=\"Le Conseil f\u00e9d\u00e9ral modernise le droit des soci\u00e9t\u00e9s anonymes : plus de flexibilit\u00e9, une meilleure gouvernance d&#039;entreprise et l&#039;\u00e9galit\u00e9 au centre des pr\u00e9occupations.\" \/>\n<meta property=\"og:url\" content=\"https:\/\/vsuj.ch\/fr\/revision-du-droit-de-la-societe-anonyme\/\" \/>\n<meta property=\"og:site_name\" content=\"Vereinigung Schweizerischer Unternehmensjuristinnen und Unternehmensjuristen (VSUJ)\" \/>\n<meta property=\"article:published_time\" content=\"2020-07-05T08:00:58+00:00\" \/>\n<meta property=\"article:modified_time\" content=\"2025-06-26T14:47:27+00:00\" \/>\n<meta property=\"og:image\" content=\"https:\/\/vsuj.ch\/wp-content\/uploads\/2025\/04\/bg-parallax-image_vsuj-vorstand_x1-5-scaled-e1745583787846.webp\" \/>\n\t<meta property=\"og:image:width\" content=\"2480\" \/>\n\t<meta property=\"og:image:height\" content=\"1706\" \/>\n\t<meta property=\"og:image:type\" content=\"image\/webp\" \/>\n<meta name=\"author\" content=\"Christina Broschart\" \/>\n<meta name=\"twitter:card\" content=\"summary_large_image\" \/>\n<meta name=\"twitter:label1\" content=\"\u00c9crit par\" \/>\n\t<meta name=\"twitter:data1\" content=\"Christina Broschart\" \/>\n\t<meta name=\"twitter:label2\" content=\"Dur\u00e9e de lecture estim\u00e9e\" \/>\n\t<meta name=\"twitter:data2\" content=\"7 minutes\" \/>\n<script type=\"application\/ld+json\" class=\"yoast-schema-graph\">{\"@context\":\"https:\\\/\\\/schema.org\",\"@graph\":[{\"@type\":\"Article\",\"@id\":\"https:\\\/\\\/vsuj.ch\\\/fr\\\/revision-du-droit-de-la-societe-anonyme\\\/#article\",\"isPartOf\":{\"@id\":\"https:\\\/\\\/vsuj.ch\\\/fr\\\/revision-du-droit-de-la-societe-anonyme\\\/\"},\"author\":{\"name\":\"Christina Broschart\",\"@id\":\"https:\\\/\\\/vsuj.ch\\\/fr\\\/#\\\/schema\\\/person\\\/6b90237459c2b0f00e4f3004489ca958\"},\"headline\":\"R\u00e9vision du droit de la soci\u00e9t\u00e9 anonyme\",\"datePublished\":\"2020-07-05T08:00:58+00:00\",\"dateModified\":\"2025-06-26T14:47:27+00:00\",\"mainEntityOfPage\":{\"@id\":\"https:\\\/\\\/vsuj.ch\\\/fr\\\/revision-du-droit-de-la-societe-anonyme\\\/\"},\"wordCount\":1318,\"publisher\":{\"@id\":\"https:\\\/\\\/vsuj.ch\\\/fr\\\/#organization\"},\"articleSection\":[\"Th\u00e8mes\"],\"inLanguage\":\"fr-FR\"},{\"@type\":\"WebPage\",\"@id\":\"https:\\\/\\\/vsuj.ch\\\/fr\\\/revision-du-droit-de-la-societe-anonyme\\\/\",\"url\":\"https:\\\/\\\/vsuj.ch\\\/fr\\\/revision-du-droit-de-la-societe-anonyme\\\/\",\"name\":\"R\u00e9vision du droit de la soci\u00e9t\u00e9 anonyme - Vereinigung Schweizerischer Unternehmensjuristinnen und Unternehmensjuristen (VSUJ)\",\"isPartOf\":{\"@id\":\"https:\\\/\\\/vsuj.ch\\\/fr\\\/#website\"},\"datePublished\":\"2020-07-05T08:00:58+00:00\",\"dateModified\":\"2025-06-26T14:47:27+00:00\",\"description\":\"Le Conseil f\u00e9d\u00e9ral modernise le droit des soci\u00e9t\u00e9s anonymes : plus de flexibilit\u00e9, une meilleure gouvernance d'entreprise et l'\u00e9galit\u00e9 au centre des pr\u00e9occupations.\",\"breadcrumb\":{\"@id\":\"https:\\\/\\\/vsuj.ch\\\/fr\\\/revision-du-droit-de-la-societe-anonyme\\\/#breadcrumb\"},\"inLanguage\":\"fr-FR\",\"potentialAction\":[{\"@type\":\"ReadAction\",\"target\":[\"https:\\\/\\\/vsuj.ch\\\/fr\\\/revision-du-droit-de-la-societe-anonyme\\\/\"]}]},{\"@type\":\"BreadcrumbList\",\"@id\":\"https:\\\/\\\/vsuj.ch\\\/fr\\\/revision-du-droit-de-la-societe-anonyme\\\/#breadcrumb\",\"itemListElement\":[{\"@type\":\"ListItem\",\"position\":1,\"name\":\"Home\",\"item\":\"https:\\\/\\\/vsuj.ch\\\/fr\\\/\"},{\"@type\":\"ListItem\",\"position\":2,\"name\":\"R\u00e9vision du droit de la soci\u00e9t\u00e9 anonyme\"}]},{\"@type\":\"WebSite\",\"@id\":\"https:\\\/\\\/vsuj.ch\\\/fr\\\/#website\",\"url\":\"https:\\\/\\\/vsuj.ch\\\/fr\\\/\",\"name\":\"Vereinigung Schweizerischer Unternehmensjuristinnen und Unternehmensjuristen\",\"description\":\"Erfahrungen austauschen, Verbindungen aufbauen, sich weiterentwickeln.\",\"publisher\":{\"@id\":\"https:\\\/\\\/vsuj.ch\\\/fr\\\/#organization\"},\"alternateName\":\"VSUJ\",\"potentialAction\":[{\"@type\":\"SearchAction\",\"target\":{\"@type\":\"EntryPoint\",\"urlTemplate\":\"https:\\\/\\\/vsuj.ch\\\/fr\\\/?s={search_term_string}\"},\"query-input\":{\"@type\":\"PropertyValueSpecification\",\"valueRequired\":true,\"valueName\":\"search_term_string\"}}],\"inLanguage\":\"fr-FR\"},{\"@type\":\"Organization\",\"@id\":\"https:\\\/\\\/vsuj.ch\\\/fr\\\/#organization\",\"name\":\"Vereinigung Schweizerischer Unternehmensjuristinnen und Unternehmensjuristen\",\"alternateName\":\"VSUJ\",\"url\":\"https:\\\/\\\/vsuj.ch\\\/fr\\\/\",\"logo\":{\"@type\":\"ImageObject\",\"inLanguage\":\"fr-FR\",\"@id\":\"https:\\\/\\\/vsuj.ch\\\/fr\\\/#\\\/schema\\\/logo\\\/image\\\/\",\"url\":\"https:\\\/\\\/vsuj.ch\\\/wp-content\\\/uploads\\\/2020\\\/06\\\/logo_de_x2.webp\",\"contentUrl\":\"https:\\\/\\\/vsuj.ch\\\/wp-content\\\/uploads\\\/2020\\\/06\\\/logo_de_x2.webp\",\"width\":516,\"height\":68,\"caption\":\"Vereinigung Schweizerischer Unternehmensjuristinnen und Unternehmensjuristen\"},\"image\":{\"@id\":\"https:\\\/\\\/vsuj.ch\\\/fr\\\/#\\\/schema\\\/logo\\\/image\\\/\"}},{\"@type\":\"Person\",\"@id\":\"https:\\\/\\\/vsuj.ch\\\/fr\\\/#\\\/schema\\\/person\\\/6b90237459c2b0f00e4f3004489ca958\",\"name\":\"Christina Broschart\",\"image\":{\"@type\":\"ImageObject\",\"inLanguage\":\"fr-FR\",\"@id\":\"https:\\\/\\\/secure.gravatar.com\\\/avatar\\\/38e8ef3d55774e159366871abd74937d86f077e72bc8a6494851e921d2586da4?s=96&d=mm&r=g\",\"url\":\"https:\\\/\\\/secure.gravatar.com\\\/avatar\\\/38e8ef3d55774e159366871abd74937d86f077e72bc8a6494851e921d2586da4?s=96&d=mm&r=g\",\"contentUrl\":\"https:\\\/\\\/secure.gravatar.com\\\/avatar\\\/38e8ef3d55774e159366871abd74937d86f077e72bc8a6494851e921d2586da4?s=96&d=mm&r=g\",\"caption\":\"Christina Broschart\"}}]}<\/script>\n<!-- \/ Yoast SEO plugin. -->","yoast_head_json":{"title":"R\u00e9vision du droit de la soci\u00e9t\u00e9 anonyme - Vereinigung Schweizerischer Unternehmensjuristinnen und Unternehmensjuristen (VSUJ)","description":"Le Conseil f\u00e9d\u00e9ral modernise le droit des soci\u00e9t\u00e9s anonymes : plus de flexibilit\u00e9, une meilleure gouvernance d'entreprise et l'\u00e9galit\u00e9 au centre des pr\u00e9occupations.","robots":{"index":"index","follow":"follow","max-snippet":"max-snippet:-1","max-image-preview":"max-image-preview:large","max-video-preview":"max-video-preview:-1"},"canonical":"https:\/\/vsuj.ch\/fr\/revision-du-droit-de-la-societe-anonyme\/","og_locale":"fr_FR","og_type":"article","og_title":"R\u00e9vision du droit de la soci\u00e9t\u00e9 anonyme - Vereinigung Schweizerischer Unternehmensjuristinnen und Unternehmensjuristen (VSUJ)","og_description":"Le Conseil f\u00e9d\u00e9ral modernise le droit des soci\u00e9t\u00e9s anonymes : plus de flexibilit\u00e9, une meilleure gouvernance d'entreprise et l'\u00e9galit\u00e9 au centre des pr\u00e9occupations.","og_url":"https:\/\/vsuj.ch\/fr\/revision-du-droit-de-la-societe-anonyme\/","og_site_name":"Vereinigung Schweizerischer Unternehmensjuristinnen und Unternehmensjuristen (VSUJ)","article_published_time":"2020-07-05T08:00:58+00:00","article_modified_time":"2025-06-26T14:47:27+00:00","og_image":[{"width":2480,"height":1706,"url":"https:\/\/vsuj.ch\/wp-content\/uploads\/2025\/04\/bg-parallax-image_vsuj-vorstand_x1-5-scaled-e1745583787846.webp","type":"image\/webp"}],"author":"Christina Broschart","twitter_card":"summary_large_image","twitter_misc":{"\u00c9crit par":"Christina Broschart","Dur\u00e9e de lecture estim\u00e9e":"7 minutes"},"schema":{"@context":"https:\/\/schema.org","@graph":[{"@type":"Article","@id":"https:\/\/vsuj.ch\/fr\/revision-du-droit-de-la-societe-anonyme\/#article","isPartOf":{"@id":"https:\/\/vsuj.ch\/fr\/revision-du-droit-de-la-societe-anonyme\/"},"author":{"name":"Christina Broschart","@id":"https:\/\/vsuj.ch\/fr\/#\/schema\/person\/6b90237459c2b0f00e4f3004489ca958"},"headline":"R\u00e9vision du droit de la soci\u00e9t\u00e9 anonyme","datePublished":"2020-07-05T08:00:58+00:00","dateModified":"2025-06-26T14:47:27+00:00","mainEntityOfPage":{"@id":"https:\/\/vsuj.ch\/fr\/revision-du-droit-de-la-societe-anonyme\/"},"wordCount":1318,"publisher":{"@id":"https:\/\/vsuj.ch\/fr\/#organization"},"articleSection":["Th\u00e8mes"],"inLanguage":"fr-FR"},{"@type":"WebPage","@id":"https:\/\/vsuj.ch\/fr\/revision-du-droit-de-la-societe-anonyme\/","url":"https:\/\/vsuj.ch\/fr\/revision-du-droit-de-la-societe-anonyme\/","name":"R\u00e9vision du droit de la soci\u00e9t\u00e9 anonyme - Vereinigung Schweizerischer Unternehmensjuristinnen und Unternehmensjuristen (VSUJ)","isPartOf":{"@id":"https:\/\/vsuj.ch\/fr\/#website"},"datePublished":"2020-07-05T08:00:58+00:00","dateModified":"2025-06-26T14:47:27+00:00","description":"Le Conseil f\u00e9d\u00e9ral modernise le droit des soci\u00e9t\u00e9s anonymes : plus de flexibilit\u00e9, une meilleure gouvernance d'entreprise et l'\u00e9galit\u00e9 au centre des pr\u00e9occupations.","breadcrumb":{"@id":"https:\/\/vsuj.ch\/fr\/revision-du-droit-de-la-societe-anonyme\/#breadcrumb"},"inLanguage":"fr-FR","potentialAction":[{"@type":"ReadAction","target":["https:\/\/vsuj.ch\/fr\/revision-du-droit-de-la-societe-anonyme\/"]}]},{"@type":"BreadcrumbList","@id":"https:\/\/vsuj.ch\/fr\/revision-du-droit-de-la-societe-anonyme\/#breadcrumb","itemListElement":[{"@type":"ListItem","position":1,"name":"Home","item":"https:\/\/vsuj.ch\/fr\/"},{"@type":"ListItem","position":2,"name":"R\u00e9vision du droit de la soci\u00e9t\u00e9 anonyme"}]},{"@type":"WebSite","@id":"https:\/\/vsuj.ch\/fr\/#website","url":"https:\/\/vsuj.ch\/fr\/","name":"Vereinigung Schweizerischer Unternehmensjuristinnen und Unternehmensjuristen","description":"Erfahrungen austauschen, Verbindungen aufbauen, sich weiterentwickeln.","publisher":{"@id":"https:\/\/vsuj.ch\/fr\/#organization"},"alternateName":"VSUJ","potentialAction":[{"@type":"SearchAction","target":{"@type":"EntryPoint","urlTemplate":"https:\/\/vsuj.ch\/fr\/?s={search_term_string}"},"query-input":{"@type":"PropertyValueSpecification","valueRequired":true,"valueName":"search_term_string"}}],"inLanguage":"fr-FR"},{"@type":"Organization","@id":"https:\/\/vsuj.ch\/fr\/#organization","name":"Vereinigung Schweizerischer Unternehmensjuristinnen und Unternehmensjuristen","alternateName":"VSUJ","url":"https:\/\/vsuj.ch\/fr\/","logo":{"@type":"ImageObject","inLanguage":"fr-FR","@id":"https:\/\/vsuj.ch\/fr\/#\/schema\/logo\/image\/","url":"https:\/\/vsuj.ch\/wp-content\/uploads\/2020\/06\/logo_de_x2.webp","contentUrl":"https:\/\/vsuj.ch\/wp-content\/uploads\/2020\/06\/logo_de_x2.webp","width":516,"height":68,"caption":"Vereinigung Schweizerischer Unternehmensjuristinnen und Unternehmensjuristen"},"image":{"@id":"https:\/\/vsuj.ch\/fr\/#\/schema\/logo\/image\/"}},{"@type":"Person","@id":"https:\/\/vsuj.ch\/fr\/#\/schema\/person\/6b90237459c2b0f00e4f3004489ca958","name":"Christina Broschart","image":{"@type":"ImageObject","inLanguage":"fr-FR","@id":"https:\/\/secure.gravatar.com\/avatar\/38e8ef3d55774e159366871abd74937d86f077e72bc8a6494851e921d2586da4?s=96&d=mm&r=g","url":"https:\/\/secure.gravatar.com\/avatar\/38e8ef3d55774e159366871abd74937d86f077e72bc8a6494851e921d2586da4?s=96&d=mm&r=g","contentUrl":"https:\/\/secure.gravatar.com\/avatar\/38e8ef3d55774e159366871abd74937d86f077e72bc8a6494851e921d2586da4?s=96&d=mm&r=g","caption":"Christina Broschart"}}]}},"publishpress_future_action":{"enabled":false,"date":"2026-05-05 21:04:17","action":"change-status","newStatus":"draft","terms":[],"taxonomy":"category","extraData":[]},"publishpress_future_workflow_manual_trigger":{"enabledWorkflows":[]},"_links":{"self":[{"href":"https:\/\/vsuj.ch\/fr\/wp-json\/wp\/v2\/posts\/5134","targetHints":{"allow":["GET"]}}],"collection":[{"href":"https:\/\/vsuj.ch\/fr\/wp-json\/wp\/v2\/posts"}],"about":[{"href":"https:\/\/vsuj.ch\/fr\/wp-json\/wp\/v2\/types\/post"}],"author":[{"embeddable":true,"href":"https:\/\/vsuj.ch\/fr\/wp-json\/wp\/v2\/users\/8"}],"replies":[{"embeddable":true,"href":"https:\/\/vsuj.ch\/fr\/wp-json\/wp\/v2\/comments?post=5134"}],"version-history":[{"count":1,"href":"https:\/\/vsuj.ch\/fr\/wp-json\/wp\/v2\/posts\/5134\/revisions"}],"predecessor-version":[{"id":5135,"href":"https:\/\/vsuj.ch\/fr\/wp-json\/wp\/v2\/posts\/5134\/revisions\/5135"}],"wp:attachment":[{"href":"https:\/\/vsuj.ch\/fr\/wp-json\/wp\/v2\/media?parent=5134"}],"wp:term":[{"taxonomy":"category","embeddable":true,"href":"https:\/\/vsuj.ch\/fr\/wp-json\/wp\/v2\/categories?post=5134"},{"taxonomy":"post_tag","embeddable":true,"href":"https:\/\/vsuj.ch\/fr\/wp-json\/wp\/v2\/tags?post=5134"}],"curies":[{"name":"wp","href":"https:\/\/api.w.org\/{rel}","templated":true}]}}