{"id":5124,"date":"2025-05-05T08:00:50","date_gmt":"2025-05-05T08:00:50","guid":{"rendered":"https:\/\/vsuj.ch\/enquete-sur-les-modeles-commerciaux-fondes-sur-les-donnees-ddbms-par-lecla\/"},"modified":"2025-06-26T14:25:28","modified_gmt":"2025-06-26T14:25:28","slug":"enquete-sur-les-modeles-commerciaux-fondes-sur-les-donnees-ddbms-par-lecla","status":"publish","type":"post","link":"https:\/\/vsuj.ch\/fr\/enquete-sur-les-modeles-commerciaux-fondes-sur-les-donnees-ddbms-par-lecla\/","title":{"rendered":"Enqu\u00eate sur les mod\u00e8les commerciaux fond\u00e9s sur les donn\u00e9es (DDBMs) par l\u2019ECLA"},"content":{"rendered":"\t\t<div data-elementor-type=\"wp-post\" data-elementor-id=\"5124\" class=\"elementor elementor-5124 elementor-2481\" data-elementor-post-type=\"post\">\n\t\t\t\t<div class=\"elementor-element elementor-element-a1849a0 e-flex e-con-boxed e-con e-parent\" data-id=\"a1849a0\" data-element_type=\"container\" data-e-type=\"container\" data-settings=\"{&quot;background_background&quot;:&quot;classic&quot;,&quot;jet_parallax_layout_list&quot;:[]}\">\n\t\t\t\t\t<div class=\"e-con-inner\">\n\t\t<div class=\"elementor-element elementor-element-2c185fc e-con-full e-flex e-con e-child\" data-id=\"2c185fc\" data-element_type=\"container\" data-e-type=\"container\" data-settings=\"{&quot;background_background&quot;:&quot;classic&quot;,&quot;jet_parallax_layout_list&quot;:[]}\">\n\t\t\t\t<div class=\"elementor-element elementor-element-ed08d4c elementor-widget elementor-widget-heading\" data-id=\"ed08d4c\" data-element_type=\"widget\" data-e-type=\"widget\" data-widget_type=\"heading.default\">\n\t\t\t\t<div class=\"elementor-widget-container\">\n\t\t\t\t\t<h1 class=\"elementor-heading-title elementor-size-default\">Enqu\u00eate sur les mod\u00e8les commerciaux fond\u00e9s sur les donn\u00e9es (DDBMs) par l\u2019ECLA<\/h1>\t\t\t\t<\/div>\n\t\t\t\t<\/div>\n\t\t\t\t<\/div>\n\t\t\t\t\t<\/div>\n\t\t\t\t<\/div>\n\t\t<div class=\"elementor-element elementor-element-b22830f e-flex e-con-boxed e-con e-parent\" data-id=\"b22830f\" data-element_type=\"container\" data-e-type=\"container\" data-settings=\"{&quot;background_background&quot;:&quot;classic&quot;,&quot;jet_parallax_layout_list&quot;:[]}\">\n\t\t\t\t\t<div class=\"e-con-inner\">\n\t\t<div class=\"elementor-element elementor-element-2a5a477 e-con-full e-flex e-con e-child\" data-id=\"2a5a477\" data-element_type=\"container\" data-e-type=\"container\" data-settings=\"{&quot;background_background&quot;:&quot;classic&quot;,&quot;jet_parallax_layout_list&quot;:[]}\">\n\t\t\t\t<div class=\"elementor-element elementor-element-47b25b4 elementor-widget elementor-widget-text-editor\" data-id=\"47b25b4\" data-element_type=\"widget\" data-e-type=\"widget\" data-widget_type=\"text-editor.default\">\n\t\t\t\t<div class=\"elementor-widget-container\">\n\t\t\t\t\t\t\t\t\t<p class=\"p1\">Ch\u00e8res coll\u00e8gues, chers coll\u00e8gues,<br>La num\u00e9risation continuera de s\u2019acc\u00e9l\u00e9rer cette ann\u00e9e, avec tous les d\u00e9fis que cela implique pour nous, juristes d\u2019entreprise. Dans ce contexte, les mod\u00e8les commerciaux fond\u00e9s sur les donn\u00e9es sont au c\u0153ur de l\u2019\u00e9conomie num\u00e9rique mondiale, et un nombre croissant d\u2019entreprises les ont d\u00e9j\u00e0 adopt\u00e9s. Afin d\u2019apporter un \u00e9clairage sur ces \u00e9volutions, notre r\u00e9seau europ\u00e9en de juristes d\u2019entreprise, l\u2019ECLA, pr\u00e9pare un guide complet sur les d\u00e9fis juridiques que ces mod\u00e8les peuvent poser. Nous serions ravis que vous participiez \u00e0 notre courte enqu\u00eate sur les DDBMs, disponible \u00e0 l\u2019adresse suivante.<\/p>\t\t\t\t\t\t\t\t<\/div>\n\t\t\t\t<\/div>\n\t\t\t\t<\/div>\n\t\t\t\t\t<\/div>\n\t\t\t\t<\/div>\n\t\t<div class=\"elementor-element elementor-element-c271e99 e-flex e-con-boxed e-con e-parent\" data-id=\"c271e99\" data-element_type=\"container\" data-e-type=\"container\" data-settings=\"{&quot;background_background&quot;:&quot;gradient&quot;,&quot;jet_parallax_layout_list&quot;:[]}\">\n\t\t\t\t\t<div class=\"e-con-inner\">\n\t\t<div class=\"elementor-element elementor-element-ca1a588 e-con-full e-flex e-con e-child\" data-id=\"ca1a588\" data-element_type=\"container\" data-e-type=\"container\" data-settings=\"{&quot;jet_parallax_layout_list&quot;:[]}\">\n\t\t\t\t<div class=\"elementor-element elementor-element-0ee7780 elementor-widget elementor-widget-text-editor\" data-id=\"0ee7780\" data-element_type=\"widget\" data-e-type=\"widget\" data-widget_type=\"text-editor.default\">\n\t\t\t\t<div class=\"elementor-widget-container\">\n\t\t\t\t\t\t\t\t\t<p class=\"p1\">Les r\u00e9sultats de l\u2019enqu\u00eate seront \u00e9valu\u00e9s de mani\u00e8re anonyme, de sorte qu\u2019aucune donn\u00e9e individuelle ne puisse \u00eatre identifi\u00e9e. Pour vous remercier de votre participation, nous vous fournirons un exemplaire num\u00e9rique personnel de l\u2019\u00e9tude ECLA, avant sa publication officielle.<br>Merci d\u2019avance pour votre contribution,<br>Votre \u00e9quipe ASJE<\/p>\t\t\t\t\t\t\t\t<\/div>\n\t\t\t\t<\/div>\n\t\t\t\t<\/div>\n\t\t<div class=\"elementor-element elementor-element-1a00f9b e-con-full e-flex e-con e-child\" data-id=\"1a00f9b\" data-element_type=\"container\" data-e-type=\"container\" data-settings=\"{&quot;jet_parallax_layout_list&quot;:[]}\">\n\t\t\t\t<div class=\"elementor-element elementor-element-f72153c elementor-icon-list--layout-traditional elementor-list-item-link-full_width elementor-widget elementor-widget-icon-list\" data-id=\"f72153c\" data-element_type=\"widget\" data-e-type=\"widget\" data-widget_type=\"icon-list.default\">\n\t\t\t\t<div class=\"elementor-widget-container\">\n\t\t\t\t\t\t\t<ul class=\"elementor-icon-list-items\">\n\t\t\t\t\t\t\t<li class=\"elementor-icon-list-item\">\n\t\t\t\t\t\t\t\t\t\t\t<a href=\"https:\/\/ecla.eu\/datasurvey\" target=\"_blank\">\n\n\t\t\t\t\t\t\t\t\t\t\t\t<span class=\"elementor-icon-list-icon\">\n\t\t\t\t\t\t\t<svg xmlns=\"http:\/\/www.w3.org\/2000\/svg\" id=\"uuid-d1dcc25b-1500-4e29-8651-a7c8007ef900\" viewBox=\"0 0 46.96 22.5\"><defs><style>.uuid-1ba1aa9e-1fa9-47ba-a637-1c0c06abeb0b{fill:#005195;isolation:isolate;}<\/style><\/defs><g id=\"uuid-331e5ea6-8a02-4d1e-a643-5bad2f51888d\"><polygon class=\"uuid-1ba1aa9e-1fa9-47ba-a637-1c0c06abeb0b\" points=\"0 22.5 18.25 22.5 18.25 16.48 6.04 16.48 6.04 6.02 18.25 6.02 18.25 0 0 0 0 22.5\"><\/polygon><polygon class=\"uuid-1ba1aa9e-1fa9-47ba-a637-1c0c06abeb0b\" points=\"28.71 0 28.71 6.02 40.93 6.02 40.93 16.48 28.71 16.48 28.71 22.5 46.96 22.5 46.96 0 28.71 0\"><\/polygon><\/g><\/svg>\t\t\t\t\t\t<\/span>\n\t\t\t\t\t\t\t\t\t\t<span class=\"elementor-icon-list-text\">\u00c0 propos du sondage ECLA<\/span>\n\t\t\t\t\t\t\t\t\t\t\t<\/a>\n\t\t\t\t\t\t\t\t\t<\/li>\n\t\t\t\t\t\t<\/ul>\n\t\t\t\t\t\t<\/div>\n\t\t\t\t<\/div>\n\t\t\t\t<\/div>\n\t\t\t\t\t<\/div>\n\t\t\t\t<\/div>\n\t\t\t\t<\/div>\n\t\t","protected":false},"excerpt":{"rendered":"<p>La num\u00e9risation continuera de s\u2019acc\u00e9l\u00e9rer cette ann\u00e9e, avec tous les d\u00e9fis que cela implique pour nous, juristes d\u2019entreprise.<\/p>\n","protected":false},"author":8,"featured_media":0,"comment_status":"closed","ping_status":"closed","sticky":false,"template":"","format":"standard","meta":{"footnotes":""},"categories":[85,84],"tags":[],"class_list":["post-5124","post","type-post","status-publish","format-standard","hentry","category-sondages","category-themes"],"yoast_head":"<!-- This site is optimized with the Yoast SEO plugin v27.3 - https:\/\/yoast.com\/product\/yoast-seo-wordpress\/ -->\n<title>Enqu\u00eate sur les mod\u00e8les commerciaux fond\u00e9s sur les donn\u00e9es (DDBMs) par l\u2019ECLA - Vereinigung Schweizerischer Unternehmensjuristinnen und Unternehmensjuristen (VSUJ)<\/title>\n<meta name=\"robots\" content=\"index, follow, max-snippet:-1, max-image-preview:large, max-video-preview:-1\" \/>\n<link rel=\"canonical\" href=\"https:\/\/vsuj.ch\/fr\/enquete-sur-les-modeles-commerciaux-fondes-sur-les-donnees-ddbms-par-lecla\/\" \/>\n<meta property=\"og:locale\" content=\"fr_FR\" \/>\n<meta property=\"og:type\" content=\"article\" \/>\n<meta property=\"og:title\" content=\"Enqu\u00eate sur les mod\u00e8les commerciaux fond\u00e9s sur les donn\u00e9es (DDBMs) par l\u2019ECLA - Vereinigung Schweizerischer Unternehmensjuristinnen und Unternehmensjuristen (VSUJ)\" \/>\n<meta property=\"og:description\" content=\"La num\u00e9risation continuera de s\u2019acc\u00e9l\u00e9rer cette ann\u00e9e, avec tous les d\u00e9fis que cela implique pour nous, juristes d\u2019entreprise.\" \/>\n<meta property=\"og:url\" content=\"https:\/\/vsuj.ch\/fr\/enquete-sur-les-modeles-commerciaux-fondes-sur-les-donnees-ddbms-par-lecla\/\" \/>\n<meta property=\"og:site_name\" content=\"Vereinigung Schweizerischer Unternehmensjuristinnen und Unternehmensjuristen (VSUJ)\" \/>\n<meta property=\"article:published_time\" content=\"2025-05-05T08:00:50+00:00\" \/>\n<meta property=\"article:modified_time\" content=\"2025-06-26T14:25:28+00:00\" \/>\n<meta property=\"og:image\" content=\"https:\/\/vsuj.ch\/wp-content\/uploads\/2025\/04\/bg-parallax-image_vsuj-vorstand_x1-5-scaled-e1745583787846.webp\" \/>\n\t<meta property=\"og:image:width\" content=\"2480\" \/>\n\t<meta property=\"og:image:height\" content=\"1706\" \/>\n\t<meta property=\"og:image:type\" content=\"image\/webp\" \/>\n<meta name=\"author\" content=\"Christina Broschart\" \/>\n<meta name=\"twitter:card\" content=\"summary_large_image\" \/>\n<meta name=\"twitter:label1\" content=\"\u00c9crit par\" \/>\n\t<meta name=\"twitter:data1\" content=\"Christina Broschart\" \/>\n\t<meta name=\"twitter:label2\" content=\"Dur\u00e9e de lecture estim\u00e9e\" \/>\n\t<meta name=\"twitter:data2\" content=\"1 minute\" \/>\n<script type=\"application\/ld+json\" class=\"yoast-schema-graph\">{\"@context\":\"https:\\\/\\\/schema.org\",\"@graph\":[{\"@type\":\"Article\",\"@id\":\"https:\\\/\\\/vsuj.ch\\\/fr\\\/enquete-sur-les-modeles-commerciaux-fondes-sur-les-donnees-ddbms-par-lecla\\\/#article\",\"isPartOf\":{\"@id\":\"https:\\\/\\\/vsuj.ch\\\/fr\\\/enquete-sur-les-modeles-commerciaux-fondes-sur-les-donnees-ddbms-par-lecla\\\/\"},\"author\":{\"name\":\"Christina Broschart\",\"@id\":\"https:\\\/\\\/vsuj.ch\\\/fr\\\/#\\\/schema\\\/person\\\/6b90237459c2b0f00e4f3004489ca958\"},\"headline\":\"Enqu\u00eate sur les mod\u00e8les commerciaux fond\u00e9s sur les donn\u00e9es (DDBMs) par l\u2019ECLA\",\"datePublished\":\"2025-05-05T08:00:50+00:00\",\"dateModified\":\"2025-06-26T14:25:28+00:00\",\"mainEntityOfPage\":{\"@id\":\"https:\\\/\\\/vsuj.ch\\\/fr\\\/enquete-sur-les-modeles-commerciaux-fondes-sur-les-donnees-ddbms-par-lecla\\\/\"},\"wordCount\":214,\"publisher\":{\"@id\":\"https:\\\/\\\/vsuj.ch\\\/fr\\\/#organization\"},\"articleSection\":[\"Sondages\",\"Th\u00e8mes\"],\"inLanguage\":\"fr-FR\"},{\"@type\":\"WebPage\",\"@id\":\"https:\\\/\\\/vsuj.ch\\\/fr\\\/enquete-sur-les-modeles-commerciaux-fondes-sur-les-donnees-ddbms-par-lecla\\\/\",\"url\":\"https:\\\/\\\/vsuj.ch\\\/fr\\\/enquete-sur-les-modeles-commerciaux-fondes-sur-les-donnees-ddbms-par-lecla\\\/\",\"name\":\"Enqu\u00eate sur les mod\u00e8les commerciaux fond\u00e9s sur les donn\u00e9es (DDBMs) par l\u2019ECLA - Vereinigung Schweizerischer Unternehmensjuristinnen und Unternehmensjuristen (VSUJ)\",\"isPartOf\":{\"@id\":\"https:\\\/\\\/vsuj.ch\\\/fr\\\/#website\"},\"datePublished\":\"2025-05-05T08:00:50+00:00\",\"dateModified\":\"2025-06-26T14:25:28+00:00\",\"breadcrumb\":{\"@id\":\"https:\\\/\\\/vsuj.ch\\\/fr\\\/enquete-sur-les-modeles-commerciaux-fondes-sur-les-donnees-ddbms-par-lecla\\\/#breadcrumb\"},\"inLanguage\":\"fr-FR\",\"potentialAction\":[{\"@type\":\"ReadAction\",\"target\":[\"https:\\\/\\\/vsuj.ch\\\/fr\\\/enquete-sur-les-modeles-commerciaux-fondes-sur-les-donnees-ddbms-par-lecla\\\/\"]}]},{\"@type\":\"BreadcrumbList\",\"@id\":\"https:\\\/\\\/vsuj.ch\\\/fr\\\/enquete-sur-les-modeles-commerciaux-fondes-sur-les-donnees-ddbms-par-lecla\\\/#breadcrumb\",\"itemListElement\":[{\"@type\":\"ListItem\",\"position\":1,\"name\":\"Home\",\"item\":\"https:\\\/\\\/vsuj.ch\\\/fr\\\/\"},{\"@type\":\"ListItem\",\"position\":2,\"name\":\"Enqu\u00eate sur les mod\u00e8les commerciaux fond\u00e9s sur les donn\u00e9es (DDBMs) par l\u2019ECLA\"}]},{\"@type\":\"WebSite\",\"@id\":\"https:\\\/\\\/vsuj.ch\\\/fr\\\/#website\",\"url\":\"https:\\\/\\\/vsuj.ch\\\/fr\\\/\",\"name\":\"Vereinigung Schweizerischer Unternehmensjuristinnen und Unternehmensjuristen\",\"description\":\"Erfahrungen austauschen, Verbindungen aufbauen, sich weiterentwickeln.\",\"publisher\":{\"@id\":\"https:\\\/\\\/vsuj.ch\\\/fr\\\/#organization\"},\"alternateName\":\"VSUJ\",\"potentialAction\":[{\"@type\":\"SearchAction\",\"target\":{\"@type\":\"EntryPoint\",\"urlTemplate\":\"https:\\\/\\\/vsuj.ch\\\/fr\\\/?s={search_term_string}\"},\"query-input\":{\"@type\":\"PropertyValueSpecification\",\"valueRequired\":true,\"valueName\":\"search_term_string\"}}],\"inLanguage\":\"fr-FR\"},{\"@type\":\"Organization\",\"@id\":\"https:\\\/\\\/vsuj.ch\\\/fr\\\/#organization\",\"name\":\"Vereinigung Schweizerischer Unternehmensjuristinnen und Unternehmensjuristen\",\"alternateName\":\"VSUJ\",\"url\":\"https:\\\/\\\/vsuj.ch\\\/fr\\\/\",\"logo\":{\"@type\":\"ImageObject\",\"inLanguage\":\"fr-FR\",\"@id\":\"https:\\\/\\\/vsuj.ch\\\/fr\\\/#\\\/schema\\\/logo\\\/image\\\/\",\"url\":\"https:\\\/\\\/vsuj.ch\\\/wp-content\\\/uploads\\\/2020\\\/06\\\/logo_de_x2.webp\",\"contentUrl\":\"https:\\\/\\\/vsuj.ch\\\/wp-content\\\/uploads\\\/2020\\\/06\\\/logo_de_x2.webp\",\"width\":516,\"height\":68,\"caption\":\"Vereinigung Schweizerischer Unternehmensjuristinnen und Unternehmensjuristen\"},\"image\":{\"@id\":\"https:\\\/\\\/vsuj.ch\\\/fr\\\/#\\\/schema\\\/logo\\\/image\\\/\"}},{\"@type\":\"Person\",\"@id\":\"https:\\\/\\\/vsuj.ch\\\/fr\\\/#\\\/schema\\\/person\\\/6b90237459c2b0f00e4f3004489ca958\",\"name\":\"Christina Broschart\",\"image\":{\"@type\":\"ImageObject\",\"inLanguage\":\"fr-FR\",\"@id\":\"https:\\\/\\\/secure.gravatar.com\\\/avatar\\\/38e8ef3d55774e159366871abd74937d86f077e72bc8a6494851e921d2586da4?s=96&d=mm&r=g\",\"url\":\"https:\\\/\\\/secure.gravatar.com\\\/avatar\\\/38e8ef3d55774e159366871abd74937d86f077e72bc8a6494851e921d2586da4?s=96&d=mm&r=g\",\"contentUrl\":\"https:\\\/\\\/secure.gravatar.com\\\/avatar\\\/38e8ef3d55774e159366871abd74937d86f077e72bc8a6494851e921d2586da4?s=96&d=mm&r=g\",\"caption\":\"Christina Broschart\"}}]}<\/script>\n<!-- \/ Yoast SEO plugin. -->","yoast_head_json":{"title":"Enqu\u00eate sur les mod\u00e8les commerciaux fond\u00e9s sur les donn\u00e9es (DDBMs) par l\u2019ECLA - Vereinigung Schweizerischer Unternehmensjuristinnen und Unternehmensjuristen (VSUJ)","robots":{"index":"index","follow":"follow","max-snippet":"max-snippet:-1","max-image-preview":"max-image-preview:large","max-video-preview":"max-video-preview:-1"},"canonical":"https:\/\/vsuj.ch\/fr\/enquete-sur-les-modeles-commerciaux-fondes-sur-les-donnees-ddbms-par-lecla\/","og_locale":"fr_FR","og_type":"article","og_title":"Enqu\u00eate sur les mod\u00e8les commerciaux fond\u00e9s sur les donn\u00e9es (DDBMs) par l\u2019ECLA - Vereinigung Schweizerischer Unternehmensjuristinnen und Unternehmensjuristen (VSUJ)","og_description":"La num\u00e9risation continuera de s\u2019acc\u00e9l\u00e9rer cette ann\u00e9e, avec tous les d\u00e9fis que cela implique pour nous, juristes d\u2019entreprise.","og_url":"https:\/\/vsuj.ch\/fr\/enquete-sur-les-modeles-commerciaux-fondes-sur-les-donnees-ddbms-par-lecla\/","og_site_name":"Vereinigung Schweizerischer Unternehmensjuristinnen und Unternehmensjuristen (VSUJ)","article_published_time":"2025-05-05T08:00:50+00:00","article_modified_time":"2025-06-26T14:25:28+00:00","og_image":[{"width":2480,"height":1706,"url":"https:\/\/vsuj.ch\/wp-content\/uploads\/2025\/04\/bg-parallax-image_vsuj-vorstand_x1-5-scaled-e1745583787846.webp","type":"image\/webp"}],"author":"Christina Broschart","twitter_card":"summary_large_image","twitter_misc":{"\u00c9crit par":"Christina Broschart","Dur\u00e9e de lecture estim\u00e9e":"1 minute"},"schema":{"@context":"https:\/\/schema.org","@graph":[{"@type":"Article","@id":"https:\/\/vsuj.ch\/fr\/enquete-sur-les-modeles-commerciaux-fondes-sur-les-donnees-ddbms-par-lecla\/#article","isPartOf":{"@id":"https:\/\/vsuj.ch\/fr\/enquete-sur-les-modeles-commerciaux-fondes-sur-les-donnees-ddbms-par-lecla\/"},"author":{"name":"Christina Broschart","@id":"https:\/\/vsuj.ch\/fr\/#\/schema\/person\/6b90237459c2b0f00e4f3004489ca958"},"headline":"Enqu\u00eate sur les mod\u00e8les commerciaux fond\u00e9s sur les donn\u00e9es (DDBMs) par l\u2019ECLA","datePublished":"2025-05-05T08:00:50+00:00","dateModified":"2025-06-26T14:25:28+00:00","mainEntityOfPage":{"@id":"https:\/\/vsuj.ch\/fr\/enquete-sur-les-modeles-commerciaux-fondes-sur-les-donnees-ddbms-par-lecla\/"},"wordCount":214,"publisher":{"@id":"https:\/\/vsuj.ch\/fr\/#organization"},"articleSection":["Sondages","Th\u00e8mes"],"inLanguage":"fr-FR"},{"@type":"WebPage","@id":"https:\/\/vsuj.ch\/fr\/enquete-sur-les-modeles-commerciaux-fondes-sur-les-donnees-ddbms-par-lecla\/","url":"https:\/\/vsuj.ch\/fr\/enquete-sur-les-modeles-commerciaux-fondes-sur-les-donnees-ddbms-par-lecla\/","name":"Enqu\u00eate sur les mod\u00e8les commerciaux fond\u00e9s sur les donn\u00e9es (DDBMs) par l\u2019ECLA - Vereinigung Schweizerischer Unternehmensjuristinnen und Unternehmensjuristen (VSUJ)","isPartOf":{"@id":"https:\/\/vsuj.ch\/fr\/#website"},"datePublished":"2025-05-05T08:00:50+00:00","dateModified":"2025-06-26T14:25:28+00:00","breadcrumb":{"@id":"https:\/\/vsuj.ch\/fr\/enquete-sur-les-modeles-commerciaux-fondes-sur-les-donnees-ddbms-par-lecla\/#breadcrumb"},"inLanguage":"fr-FR","potentialAction":[{"@type":"ReadAction","target":["https:\/\/vsuj.ch\/fr\/enquete-sur-les-modeles-commerciaux-fondes-sur-les-donnees-ddbms-par-lecla\/"]}]},{"@type":"BreadcrumbList","@id":"https:\/\/vsuj.ch\/fr\/enquete-sur-les-modeles-commerciaux-fondes-sur-les-donnees-ddbms-par-lecla\/#breadcrumb","itemListElement":[{"@type":"ListItem","position":1,"name":"Home","item":"https:\/\/vsuj.ch\/fr\/"},{"@type":"ListItem","position":2,"name":"Enqu\u00eate sur les mod\u00e8les commerciaux fond\u00e9s sur les donn\u00e9es (DDBMs) par l\u2019ECLA"}]},{"@type":"WebSite","@id":"https:\/\/vsuj.ch\/fr\/#website","url":"https:\/\/vsuj.ch\/fr\/","name":"Vereinigung Schweizerischer Unternehmensjuristinnen und Unternehmensjuristen","description":"Erfahrungen austauschen, Verbindungen aufbauen, sich weiterentwickeln.","publisher":{"@id":"https:\/\/vsuj.ch\/fr\/#organization"},"alternateName":"VSUJ","potentialAction":[{"@type":"SearchAction","target":{"@type":"EntryPoint","urlTemplate":"https:\/\/vsuj.ch\/fr\/?s={search_term_string}"},"query-input":{"@type":"PropertyValueSpecification","valueRequired":true,"valueName":"search_term_string"}}],"inLanguage":"fr-FR"},{"@type":"Organization","@id":"https:\/\/vsuj.ch\/fr\/#organization","name":"Vereinigung Schweizerischer Unternehmensjuristinnen und Unternehmensjuristen","alternateName":"VSUJ","url":"https:\/\/vsuj.ch\/fr\/","logo":{"@type":"ImageObject","inLanguage":"fr-FR","@id":"https:\/\/vsuj.ch\/fr\/#\/schema\/logo\/image\/","url":"https:\/\/vsuj.ch\/wp-content\/uploads\/2020\/06\/logo_de_x2.webp","contentUrl":"https:\/\/vsuj.ch\/wp-content\/uploads\/2020\/06\/logo_de_x2.webp","width":516,"height":68,"caption":"Vereinigung Schweizerischer Unternehmensjuristinnen und Unternehmensjuristen"},"image":{"@id":"https:\/\/vsuj.ch\/fr\/#\/schema\/logo\/image\/"}},{"@type":"Person","@id":"https:\/\/vsuj.ch\/fr\/#\/schema\/person\/6b90237459c2b0f00e4f3004489ca958","name":"Christina Broschart","image":{"@type":"ImageObject","inLanguage":"fr-FR","@id":"https:\/\/secure.gravatar.com\/avatar\/38e8ef3d55774e159366871abd74937d86f077e72bc8a6494851e921d2586da4?s=96&d=mm&r=g","url":"https:\/\/secure.gravatar.com\/avatar\/38e8ef3d55774e159366871abd74937d86f077e72bc8a6494851e921d2586da4?s=96&d=mm&r=g","contentUrl":"https:\/\/secure.gravatar.com\/avatar\/38e8ef3d55774e159366871abd74937d86f077e72bc8a6494851e921d2586da4?s=96&d=mm&r=g","caption":"Christina Broschart"}}]}},"publishpress_future_action":{"enabled":false,"date":"2026-05-05 19:58:31","action":"change-status","newStatus":"draft","terms":[],"taxonomy":"category","extraData":[]},"publishpress_future_workflow_manual_trigger":{"enabledWorkflows":[]},"_links":{"self":[{"href":"https:\/\/vsuj.ch\/fr\/wp-json\/wp\/v2\/posts\/5124","targetHints":{"allow":["GET"]}}],"collection":[{"href":"https:\/\/vsuj.ch\/fr\/wp-json\/wp\/v2\/posts"}],"about":[{"href":"https:\/\/vsuj.ch\/fr\/wp-json\/wp\/v2\/types\/post"}],"author":[{"embeddable":true,"href":"https:\/\/vsuj.ch\/fr\/wp-json\/wp\/v2\/users\/8"}],"replies":[{"embeddable":true,"href":"https:\/\/vsuj.ch\/fr\/wp-json\/wp\/v2\/comments?post=5124"}],"version-history":[{"count":1,"href":"https:\/\/vsuj.ch\/fr\/wp-json\/wp\/v2\/posts\/5124\/revisions"}],"predecessor-version":[{"id":5125,"href":"https:\/\/vsuj.ch\/fr\/wp-json\/wp\/v2\/posts\/5124\/revisions\/5125"}],"wp:attachment":[{"href":"https:\/\/vsuj.ch\/fr\/wp-json\/wp\/v2\/media?parent=5124"}],"wp:term":[{"taxonomy":"category","embeddable":true,"href":"https:\/\/vsuj.ch\/fr\/wp-json\/wp\/v2\/categories?post=5124"},{"taxonomy":"post_tag","embeddable":true,"href":"https:\/\/vsuj.ch\/fr\/wp-json\/wp\/v2\/tags?post=5124"}],"curies":[{"name":"wp","href":"https:\/\/api.w.org\/{rel}","templated":true}]}}